{"id":5220,"date":"2020-05-14T13:01:26","date_gmt":"2020-05-14T13:01:26","guid":{"rendered":"https:\/\/pue.edu.pl\/?p=5220"},"modified":"2024-03-12T11:53:46","modified_gmt":"2024-03-12T11:53:46","slug":"pismo-prezydenta-konfederacji-lewiatan-do-ministra-cyfryzacji-marka-zagorskiego-z-dnia-14-maja-2020-r","status":"publish","type":"post","link":"https:\/\/pue.edu.pl\/en\/pismo-prezydenta-konfederacji-lewiatan-do-ministra-cyfryzacji-marka-zagorskiego-z-dnia-14-maja-2020-r\/","title":{"rendered":"Letter from the President of the Lewiatan Confederation to the Minister of Digitization Marek Zag\u00f3rski of May 14, 2020."},"content":{"rendered":"<div data-elementor-type=\"wp-post\" data-elementor-id=\"5220\" class=\"elementor elementor-5220\" data-elementor-post-type=\"post\">\n\t\t\t\t<div class=\"elementor-element elementor-element-1fe37c18 e-flex e-con-boxed e-con e-parent\" data-id=\"1fe37c18\" data-element_type=\"container\" data-e-type=\"container\" data-settings=\"{&quot;jet_parallax_layout_list&quot;:[]}\">\n\t\t\t\t\t<div class=\"e-con-inner\">\n\t\t<div class=\"elementor-element elementor-element-7be1ac67 e-con-full e-flex e-con e-child\" data-id=\"7be1ac67\" data-element_type=\"container\" data-e-type=\"container\" data-settings=\"{&quot;jet_parallax_layout_list&quot;:[]}\">\n\t\t<div class=\"elementor-element elementor-element-1acce9b9 e-flex e-con-boxed e-con e-child\" data-id=\"1acce9b9\" data-element_type=\"container\" data-e-type=\"container\" data-settings=\"{&quot;jet_parallax_layout_list&quot;:[]}\">\n\t\t\t\t\t<div class=\"e-con-inner\">\n\t\t\t\t<div class=\"elementor-element elementor-element-6fff966f elementor-widget__width-initial elementor-widget elementor-widget-heading\" data-id=\"6fff966f\" data-element_type=\"widget\" data-e-type=\"widget\" data-widget_type=\"heading.default\">\n\t\t\t\t<div class=\"elementor-widget-container\">\n\t\t\t\t\t<h2 class=\"elementor-heading-title elementor-size-default\">Letter from the President of the Lewiatan Confederation to the Minister of Digitization Marek Zag\u00f3rski of May 14, 2020.<\/h2>\t\t\t\t<\/div>\n\t\t\t\t<\/div>\n\t\t\t\t<div class=\"elementor-element elementor-element-ba2451c elementor-widget elementor-widget-heading\" data-id=\"ba2451c\" data-element_type=\"widget\" data-e-type=\"widget\" data-widget_type=\"heading.default\">\n\t\t\t\t<div class=\"elementor-widget-container\">\n\t\t\t\t\t<h2 class=\"elementor-heading-title elementor-size-default\">May 14, 2020<\/h2>\t\t\t\t<\/div>\n\t\t\t\t<\/div>\n\t\t\t\t\t<\/div>\n\t\t\t\t<\/div>\n\t\t<div class=\"elementor-element elementor-element-33a4584d e-flex e-con-boxed e-con e-child\" data-id=\"33a4584d\" data-element_type=\"container\" data-e-type=\"container\" data-settings=\"{&quot;jet_parallax_layout_list&quot;:[]}\">\n\t\t\t\t\t<div class=\"e-con-inner\">\n\t\t\t\t<div class=\"elementor-element elementor-element-66aca867 elementor-widget elementor-widget-text-editor\" data-id=\"66aca867\" data-element_type=\"widget\" data-e-type=\"widget\" data-widget_type=\"text-editor.default\">\n\t\t\t\t<div class=\"elementor-widget-container\">\n\t\t\t\t\t\t\t\t\t<p>Szanowny Panie Ministrze,<\/p><p>w zwi\u0105zku z bie\u017c\u0105c\u0105 sytuacj\u0105 wywo\u0142an\u0105 skutkami panemii zwi\u0105zanej z COVID-19 zwracam si\u0119 z pro\u015bb\u0105 o uruchomienie <strong>programu dotycz\u0105cego dofinansowania zdalnego nauczania w uczelniach<\/strong>, na wz\u00f3r programu \u201eZdalna szko\u0142a\u201d przygotowanego przez resort cyfryzacji we wsp\u00f3\u0142pracy z Ministerstwem Edukacji Narodowej.<\/p><p>Program tego typu jest szczeg\u00f3lnie istotny dla sektora uczelni niepublicznych, kt\u00f3re przede wszystkim reprezentuje Konfederacja Lewiatan. Uczelnie w trybie pilnym musia\u0142y zmierzy\u0107 si\u0119 z wyzwaniem pracy i nauki zdalnej, ale wiele problem\u00f3w pojawi si\u0119 w tym zakresie tak\u017ce w d\u0142u\u017cszej perspektywie. Sektor niepublicznego szkolnictwa wy\u017cszego, nie otrzymuj\u0105cy \u015brodk\u00f3w publicznych na swoj\u0105 podstawow\u0105 dzia\u0142alno\u015b\u0107 w zakresie kszta\u0142cenia student\u00f3w (przede wszystkim na wynagrodzenia i infrastruktur\u0119) i dzia\u0142aj\u0105cy z tych powod\u00f3w na zasadach komercyjnych, podlega wszelkim pozytywnym i negatywnym trendom rynkowym. Obecny kryzys zwi\u0105zany z pandemi\u0105 COVID-19, tak\u017ce o charakterze gospodarczym jest najpowa\u017cniejszym dla bran\u017cy szkolnictwa niepublicznego od wprowadzenia trzydzie\u015bci lat temu przemian wolnorynkowych. Ju\u017c obserwowane, ale tak\u017ce prognozowane na wi\u0119ksz\u0105 skal\u0119 skutki to, m.in.: zmniejszenie przychod\u00f3w z czesnego, rezygnacja ze studi\u00f3w, mniejsze nabory w kolejnych latach wynikaj\u0105ce z czynnik\u00f3w ekonomicznych po stronie student\u00f3w i ich rodzin. Zaburzenie p\u0142ynno\u015bci finansowej w uczelniach niepublicznych, tak\u017ce tych lokalnych, spowoduje w pierwszej kolejno\u015bci redukcj\u0119 etat\u00f3w lub wynagrodze\u0144 warto\u015bciowej kadry dydaktycznej, administracyjnej i badawczej, kt\u00f3r\u0105 buduje si\u0119 przez dekady. Tyle te\u017c b\u0119dzie trwa\u0142o odbudowanie takiego kapita\u0142u i zasobu szkolnego i akademickiego w sytuacji upadku tych podmiot\u00f3w lub znacz\u0105cej redukcji kadry. Spowoduje to istotne szkody nie tylko dla procesu kszta\u0142cenia m\u0142odzie\u017cy, ale i dla funkcjonowania lokalnych spo\u0142eczno\u015bci oraz \u015brodowisk kulturotw\u00f3rczych i akademickich, kt\u00f3re s\u0105 katalizatorem rozwoju gospodarczego i intelektualnego kraju.<\/p><p>W dotychczas uchwalonych rz\u0105dowych programach i rozwi\u0105zaniach prawnych, kt\u00f3re wprowadzaj\u0105 dzia\u0142ania os\u0142onowe, podmioty niepublicznego szkolnictwa wy\u017cszego nie s\u0105 traktowane ani w kategorii pracodawc\u00f3w, ani przedsi\u0119biorc\u00f3w, tym samym pozosta\u0142y bez jakiegokolwiek wsparcia. <strong>Dlatego te\u017c ich zdolno\u015b\u0107 do ponoszenia inwestycji, wa\u017cnych z punktu widzenia prowadzenia wysokiej jako\u015bci i dostosowanego do indywidulanych potrzeb odbiorc\u00f3w zdalnego nauczania, jest zasadniczo ograniczona.<\/strong><\/p><p><strong>Proponowany program wsparcia finansowego dotycz\u0105cego nauczania zdalnego umo\u017cliwia\u0107 uczelniom w szczeg\u00f3lno\u015bci:<\/strong><\/p><ul><li>zakup niezb\u0119dnego oprogramowania umo\u017cliwiaj\u0105cego prowadzenie zaj\u0119\u0107 zdalnych przez kadr\u0119 naukowo-dydaktyczn\u0105 oraz prac\u0119 zdalna przez pracownik\u00f3w administracyjnych,<\/li><li>zakup lub wynajem sprz\u0119tu dla wyk\u0142adowc\u00f3w, umo\u017cliwiaj\u0105cego prowadzenie zaj\u0119\u0107 online,<\/li><li>zakup lub wynajem sprz\u0119tu dla pracownik\u00f3w administracyjnych do pracy zdalnej, kt\u00f3ry zapewni ci\u0105g\u0142o\u015b\u0107 funkcjonowania uczelni,<\/li><li>zakup wyposa\u017cenia pomieszcze\u0144 do prowadzenia zaj\u0119\u0107 on-line,<\/li><li>przygotowanie dla student\u00f3w infrastruktury umo\u017cliwiaj\u0105cej prac\u0119 zdaln\u0105 (m.in.: laptopy, szafy do wypo\u017cycze\u0144),<\/li><li>zakup dost\u0119pu do dodatkowych licencji na platformy e-learningowe, b\u0119d\u0105ce w posiadaniu uczelni, przygotowanie dodatkowych kontent\u00f3w e-learningowych,<\/li><li>zakup szkole\u0144 dla pracownik\u00f3w naukowo-dydaktycznych i administracyjnych zwi\u0105zanych z prac\u0105 i nauk\u0105 zdaln\u0105,<\/li><li>dostosowanie platform do kszta\u0142cenia zdalnego dla os\u00f3b z niepe\u0142nosprawno\u015bciami i wsparcie student\u00f3w z niepe\u0142nosprawno\u015bciami w dost\u0119pie do kszta\u0142cenia,<\/li><li>zakup dost\u0119pu do elektronicznych ksi\u0105\u017cek i czasopism.<\/li><\/ul><p>Apeluj\u0119 tak\u017ce, by procedury zwi\u0105zane z pozyskaniem wsparcia w tym zakresie by\u0142y maksymalnie uproszczone i pozwala\u0142y na szybkie uruchomienie finansowania po stronie instytucji, kt\u00f3ra go b\u0119dzie udziela\u0107 oraz zakup\u00f3w po stronie uczelni.<\/p><p>Z powa\u017caniem,<br \/>Maciej Witucki<br \/>Prezydent Konfederacji Lewiatan<\/p>\t\t\t\t\t\t\t\t<\/div>\n\t\t\t\t<\/div>\n\t\t\t\t<div class=\"elementor-element elementor-element-355a52ad elementor-widget elementor-widget-text-editor\" data-id=\"355a52ad\" data-element_type=\"widget\" data-e-type=\"widget\" data-widget_type=\"text-editor.default\">\n\t\t\t\t<div class=\"elementor-widget-container\">\n\t\t\t\t\t\t\t\t\t<p><a href=\"https:\/\/pue.edu.pl\/wp-content\/uploads\/2024\/02\/20200514-pismo-prezydenta-konfederacji-lewiatan-do-ministra-cyfryzacji.pdf\">Letter in PDF<\/a><\/p>\t\t\t\t\t\t\t\t<\/div>\n\t\t\t\t<\/div>\n\t\t\t\t\t<\/div>\n\t\t\t\t<\/div>\n\t\t\t\t<\/div>\n\t\t<div class=\"elementor-element elementor-element-7fa10972 e-con-full e-flex e-con e-child\" data-id=\"7fa10972\" data-element_type=\"container\" data-e-type=\"container\" data-settings=\"{&quot;jet_parallax_layout_list&quot;:[]}\">\n\t\t\t\t<\/div>\n\t\t\t\t\t<\/div>\n\t\t\t\t<\/div>\n\t\t\t\t<\/div>","protected":false},"excerpt":{"rendered":"<p>Szanowny Panie Ministrze, w zwi\u0105zku z bie\u017c\u0105c\u0105 sytuacj\u0105 wywo\u0142an\u0105 skutkami panemii zwi\u0105zanej z COVID-19 zwracam si\u0119 z pro\u015bb\u0105 o uruchomienie programu dotycz\u0105cego dofinansowania zdalnego nauczania w uczelniach, na wz\u00f3r programu \u201eZdalna szko\u0142a\u201d przygotowanego przez resort cyfryzacji we wsp\u00f3\u0142pracy z Ministerstwem Edukacji Narodowej. Program tego typu jest szczeg\u00f3lnie istotny dla sektora uczelni niepublicznych, kt\u00f3re przede wszystkim [&hellip;]<\/p>\n","protected":false},"author":1,"featured_media":0,"comment_status":"closed","ping_status":"closed","sticky":false,"template":"page-templates\/fullwidth-content.php","format":"standard","meta":{"footnotes":""},"categories":[15],"tags":[],"class_list":["post-5220","post","type-post","status-publish","format-standard","hentry","category-aktualnosci"],"_links":{"self":[{"href":"https:\/\/pue.edu.pl\/en\/wp-json\/wp\/v2\/posts\/5220","targetHints":{"allow":["GET"]}}],"collection":[{"href":"https:\/\/pue.edu.pl\/en\/wp-json\/wp\/v2\/posts"}],"about":[{"href":"https:\/\/pue.edu.pl\/en\/wp-json\/wp\/v2\/types\/post"}],"author":[{"embeddable":true,"href":"https:\/\/pue.edu.pl\/en\/wp-json\/wp\/v2\/users\/1"}],"replies":[{"embeddable":true,"href":"https:\/\/pue.edu.pl\/en\/wp-json\/wp\/v2\/comments?post=5220"}],"version-history":[{"count":10,"href":"https:\/\/pue.edu.pl\/en\/wp-json\/wp\/v2\/posts\/5220\/revisions"}],"predecessor-version":[{"id":6443,"href":"https:\/\/pue.edu.pl\/en\/wp-json\/wp\/v2\/posts\/5220\/revisions\/6443"}],"wp:attachment":[{"href":"https:\/\/pue.edu.pl\/en\/wp-json\/wp\/v2\/media?parent=5220"}],"wp:term":[{"taxonomy":"category","embeddable":true,"href":"https:\/\/pue.edu.pl\/en\/wp-json\/wp\/v2\/categories?post=5220"},{"taxonomy":"post_tag","embeddable":true,"href":"https:\/\/pue.edu.pl\/en\/wp-json\/wp\/v2\/tags?post=5220"}],"curies":[{"name":"wp","href":"https:\/\/api.w.org\/{rel}","templated":true}]}}